{"id":955,"date":"2018-06-14T16:22:30","date_gmt":"2018-06-14T14:22:30","guid":{"rendered":"http:\/\/www.animer.ch\/?p=955"},"modified":"2021-01-18T14:07:28","modified_gmt":"2021-01-18T12:07:28","slug":"animation-facilitation-accompagnement-dun-travail-collectif","status":"publish","type":"post","link":"https:\/\/www.animer.ch\/?p=955","title":{"rendered":"Animation, facilitation, accompagnement d&rsquo;un travail collectif"},"content":{"rendered":"<p><span style=\"color: #ffffff;\">.<br \/>\n<\/span>Faciliter la coop\u00e9ration, la rendre plus facile\u2026 la rendre possible en fin de compte\u2026 permettre au groupe d\u2019actualiser ses potentialit\u00e9s de coop\u00e9ration\u2026<\/p>\n<p>Le travail de facilitation peut prendre diff\u00e9rentes formes :<\/p>\n<p>&#8211; L\u2019animation par une personne qui en est responsable<br \/>\n(animer\u2026 de anima\u2026 donner vie)<\/p>\n<p>&#8211; L\u2019accompagnement par une personne qui apporte, selon la demande du collectif, un appui contractualis\u00e9<br \/>\n(sans conduire le collectif : accompagner \u2026 de ac-cum-pagn\u00a0 \u2026 aller avec l\u2019autre l\u00e0 o\u00f9 il veut aller)<\/p>\n<p>&#8211; Un processus collectif par l\u2019ensemble des membres du groupe qui se partagent le travail de facilitation<br \/>\n(d\u00e9veloppement de comp\u00e9tences partag\u00e9es de coop\u00e9ration\u2026 par un apprentissage collectif)<\/p>\n<p>&#8211; Des moyens ou m\u00e9canismes de fonctionnement construits dans la dur\u00e9e ou adopt\u00e9s durant un travail pr\u00e9liminaire par le collectif<br \/>\n(proc\u00e9dures, r\u00e9partition des\u00a0 r\u00f4les et t\u00e2ches, r\u00e8gles de communication, m\u00e9thodes de travail, processus de r\u00e9gulation, etc.)<\/p>\n<p>En ce qui concerne l&rsquo;animation, une typologie selon trois styles permet de distinguer :<\/p>\n<ul>\n<li>l&rsquo;animation autoritaire<\/li>\n<li>l&rsquo;animation d\u00e9mocratique (reconnue comme la plus fructueuse)<\/li>\n<li>l&rsquo;animation laisser faire<\/li>\n<\/ul>\n<p>Voir :<\/p>\n<p><a href=\"https:\/\/www.animer.ch\/wp-content\/uploads\/styles-animation.pdf\">Trois styles d&rsquo;animation<\/a> (selon Beauchamp, Graveline &amp; Quiviger)<\/p>\n","protected":false},"excerpt":{"rendered":"<p>. Faciliter la coop\u00e9ration, la rendre plus facile\u2026 la rendre possible en fin de compte\u2026 permettre au groupe d\u2019actualiser ses potentialit\u00e9s de coop\u00e9ration\u2026 Le travail de facilitation peut prendre diff\u00e9rentes formes : &#8211; L\u2019animation par une personne qui en est responsable (animer\u2026 de anima\u2026 donner vie) &#8211; L\u2019accompagnement par une personne qui apporte, selon la [&hellip;]<\/p>\n","protected":false},"author":1,"featured_media":0,"comment_status":"open","ping_status":"closed","sticky":false,"template":"","format":"standard","meta":{"_et_pb_use_builder":"","_et_pb_old_content":"","_et_gb_content_width":"","jetpack_post_was_ever_published":false,"_jetpack_newsletter_access":"","_jetpack_dont_email_post_to_subs":false,"_jetpack_newsletter_tier_id":0,"_jetpack_memberships_contains_paywalled_content":false,"_jetpack_memberships_contains_paid_content":false,"footnotes":""},"categories":[24],"tags":[],"class_list":["post-955","post","type-post","status-publish","format-standard","hentry","category-facilitation"],"jetpack_featured_media_url":"","jetpack_sharing_enabled":true,"_links":{"self":[{"href":"https:\/\/www.animer.ch\/index.php?rest_route=\/wp\/v2\/posts\/955","targetHints":{"allow":["GET"]}}],"collection":[{"href":"https:\/\/www.animer.ch\/index.php?rest_route=\/wp\/v2\/posts"}],"about":[{"href":"https:\/\/www.animer.ch\/index.php?rest_route=\/wp\/v2\/types\/post"}],"author":[{"embeddable":true,"href":"https:\/\/www.animer.ch\/index.php?rest_route=\/wp\/v2\/users\/1"}],"replies":[{"embeddable":true,"href":"https:\/\/www.animer.ch\/index.php?rest_route=%2Fwp%2Fv2%2Fcomments&post=955"}],"version-history":[{"count":5,"href":"https:\/\/www.animer.ch\/index.php?rest_route=\/wp\/v2\/posts\/955\/revisions"}],"predecessor-version":[{"id":1909,"href":"https:\/\/www.animer.ch\/index.php?rest_route=\/wp\/v2\/posts\/955\/revisions\/1909"}],"wp:attachment":[{"href":"https:\/\/www.animer.ch\/index.php?rest_route=%2Fwp%2Fv2%2Fmedia&parent=955"}],"wp:term":[{"taxonomy":"category","embeddable":true,"href":"https:\/\/www.animer.ch\/index.php?rest_route=%2Fwp%2Fv2%2Fcategories&post=955"},{"taxonomy":"post_tag","embeddable":true,"href":"https:\/\/www.animer.ch\/index.php?rest_route=%2Fwp%2Fv2%2Ftags&post=955"}],"curies":[{"name":"wp","href":"https:\/\/api.w.org\/{rel}","templated":true}]}}